{"id":29639,"date":"2023-02-15T16:48:14","date_gmt":"2023-02-15T15:48:14","guid":{"rendered":"https:\/\/www.tencofoundation.ch\/non-classifiee\/avec-moi-de-caritas\/"},"modified":"2024-07-15T09:49:05","modified_gmt":"2024-07-15T07:49:05","slug":"avec-moi-de-caritas","status":"publish","type":"post","link":"https:\/\/www.tencofoundation.ch\/fr\/nos-projets\/avec-moi-de-caritas\/","title":{"rendered":"\u201cAVEC MOI\u201d DE CARITAS"},"content":{"rendered":"\t\t<div data-elementor-type=\"wp-post\" data-elementor-id=\"29639\" class=\"elementor elementor-29639 elementor-28970\" data-elementor-post-type=\"post\">\n\t\t\t\t\t\t<section class=\"elementor-section elementor-top-section elementor-element elementor-element-1af6e728 elementor-section-height-min-height elementor-section-content-middle elementor-section-boxed elementor-section-height-default elementor-section-items-middle\" data-id=\"1af6e728\" data-element_type=\"section\" data-settings=\"{&quot;background_background&quot;:&quot;classic&quot;}\">\n\t\t\t\t\t\t\t<div class=\"elementor-background-overlay\"><\/div>\n\t\t\t\t\t\t\t<div class=\"elementor-container elementor-column-gap-no\">\n\t\t\t\t\t<div class=\"elementor-column elementor-col-100 elementor-top-column elementor-element elementor-element-41019cf3\" data-id=\"41019cf3\" data-element_type=\"column\">\n\t\t\t<div class=\"elementor-widget-wrap elementor-element-populated\">\n\t\t\t\t\t\t<div class=\"elementor-element elementor-element-3d2833dd elementor-widget elementor-widget-heading\" data-id=\"3d2833dd\" data-element_type=\"widget\" data-widget_type=\"heading.default\">\n\t\t\t\t<div class=\"elementor-widget-container\">\n\t\t\t\t\t<h1 class=\"elementor-heading-title elementor-size-default\">\u201cAVEC MOI\u201d DE CARITAS<\/h1>\t\t\t\t<\/div>\n\t\t\t\t<\/div>\n\t\t\t\t\t<\/div>\n\t\t<\/div>\n\t\t\t\t\t<\/div>\n\t\t<\/section>\n\t\t\t\t<section class=\"elementor-section elementor-top-section elementor-element elementor-element-323020b elementor-section-boxed elementor-section-height-default elementor-section-height-default\" data-id=\"323020b\" data-element_type=\"section\">\n\t\t\t\t\t\t<div class=\"elementor-container elementor-column-gap-default\">\n\t\t\t\t\t<div class=\"elementor-column elementor-col-100 elementor-top-column elementor-element elementor-element-1a25eb1d\" data-id=\"1a25eb1d\" data-element_type=\"column\">\n\t\t\t<div class=\"elementor-widget-wrap elementor-element-populated\">\n\t\t\t\t\t\t<div class=\"elementor-element elementor-element-315e0a9 elementor-widget elementor-widget-text-editor\" data-id=\"315e0a9\" data-element_type=\"widget\" data-widget_type=\"text-editor.default\">\n\t\t\t\t<div class=\"elementor-widget-container\">\n\t\t\t\t\t\t\t\t\t<p><\/p>\n<p>Ce projet vise \u00e0 fournir \u00e0 des familles et \u00e0 des enfants dans le besoin une marraine ou un parrain avec lesquels ils entreprennent des exp\u00e9riences et des activit\u00e9s qu&rsquo;ils n&rsquo;ont jamais faites auparavant et b\u00e9n\u00e9ficient du temps et de l&rsquo;attention d&rsquo;une personne de confiance.<\/p>\n<p><\/p>\n<p>La Suisse compte environ 230 000 enfants d\u00e9favoris\u00e9s qui souffrent des divers effets de la pauvret\u00e9. Les films, les vacances \u00e0 la mer et de nombreuses autres activit\u00e9s de loisirs leur sont souvent inaccessibles. Les parents ne peuvent pas se permettre des le\u00e7ons de musique ou des activit\u00e9s sportives. En raison de difficult\u00e9s financi\u00e8res, la situation de la famille est souvent pr\u00e9caire et les parents manquent de force pour motiver leurs enfants et leur fournir des loisirs cr\u00e9atifs. Il arrive souvent que ces enfants ne puissent pas d\u00e9velopper leurs capacit\u00e9s.<\/p>\n<p><\/p>\n<p>Une fois ou deux par mois, les marraines et parrains passent une journ\u00e9e ou une demi-journ\u00e9e avec leurs filleuls. Ils organisent des excursions, vont dans des mus\u00e9es ou se prom\u00e8nent, lisent des histoires ou cuisinent. Cela est tr\u00e8s appr\u00e9ci\u00e9 des enfants et \u00e9largit leurs horizons. Cette attention, dont ils sont les seuls b\u00e9n\u00e9ficiaires, leur donne confiance en eux et offre aux parents un moment de r\u00e9pit.<\/p>\n<p><\/p>\n<p>Les b\u00e9n\u00e9voles b\u00e9n\u00e9ficient \u00e9galement de ce parrainage. Ils contribuent \u00e0 la croissance et au d\u00e9veloppement d&rsquo;un enfant. Ils s&rsquo;engagent activement pour une soci\u00e9t\u00e9 plus solidaire car le projet \u00ab\u00a0AVEC MOI\u00a0\u00bb rassemble diff\u00e9rentes g\u00e9n\u00e9rations et cultures.<\/p>\n<p><\/p>\n<p>L&rsquo;offre de parrainage \u00ab\u00a0AVEC MOI\u00a0\u00bb est mise en \u0153uvre et supervis\u00e9e directement par Caritas r\u00e9gionale. La Fondation TENco vise \u00e0 soutenir et \u00e0 \u00e9tendre ce projet \u00e0 l&rsquo;\u00e9chelle mondiale.<\/p>\t\t\t\t\t\t\t\t<\/div>\n\t\t\t\t<\/div>\n\t\t\t\t\t<\/div>\n\t\t<\/div>\n\t\t\t\t\t<\/div>\n\t\t<\/section>\n\t\t\t\t<section class=\"elementor-section elementor-top-section elementor-element elementor-element-1e268c1 elementor-section-boxed elementor-section-height-default elementor-section-height-default\" data-id=\"1e268c1\" data-element_type=\"section\">\n\t\t\t\t\t\t<div class=\"elementor-container elementor-column-gap-default\">\n\t\t\t\t\t<div class=\"elementor-column elementor-col-100 elementor-top-column elementor-element elementor-element-1ec50f8\" data-id=\"1ec50f8\" data-element_type=\"column\">\n\t\t\t<div class=\"elementor-widget-wrap elementor-element-populated\">\n\t\t\t\t\t\t<div class=\"elementor-element elementor-element-a8a4472 elementor-widget elementor-widget-image\" data-id=\"a8a4472\" data-element_type=\"widget\" data-widget_type=\"image.default\">\n\t\t\t\t<div class=\"elementor-widget-container\">\n\t\t\t\t\t\t\t\t\t\t\t\t\t\t\t<img fetchpriority=\"high\" decoding=\"async\" width=\"1200\" height=\"800\" src=\"https:\/\/www.tencofoundation.ch\/wp-content\/uploads\/2023\/02\/with-me-photo.jpg\" class=\"attachment-full size-full wp-image-28975\" alt=\"With Me\" srcset=\"https:\/\/www.tencofoundation.ch\/wp-content\/uploads\/2023\/02\/with-me-photo.jpg 1200w, https:\/\/www.tencofoundation.ch\/wp-content\/uploads\/2023\/02\/with-me-photo-300x200.jpg 300w, https:\/\/www.tencofoundation.ch\/wp-content\/uploads\/2023\/02\/with-me-photo-1024x683.jpg 1024w, https:\/\/www.tencofoundation.ch\/wp-content\/uploads\/2023\/02\/with-me-photo-768x512.jpg 768w\" sizes=\"(max-width: 1200px) 100vw, 1200px\" \/>\t\t\t\t\t\t\t\t\t\t\t\t\t\t\t<\/div>\n\t\t\t\t<\/div>\n\t\t\t\t\t<\/div>\n\t\t<\/div>\n\t\t\t\t\t<\/div>\n\t\t<\/section>\n\t\t\t\t<\/div>\n\t\t","protected":false},"excerpt":{"rendered":"<p>Ce projet vise \u00e0 fournir \u00e0 des familles et \u00e0 des enfants dans le besoin une marraine ou un parrain avec lesquels ils entreprennent des exp\u00e9riences et des activit\u00e9s&#8230;<\/p>\n","protected":false},"author":1,"featured_media":29561,"comment_status":"closed","ping_status":"closed","sticky":false,"template":"","format":"standard","meta":{"_seopress_robots_primary_cat":"none","_seopress_titles_title":"\"AVEC MOI\" DE CARITAS | TENco Foundation","_seopress_titles_desc":"La Fondation TENco a pour objectif de fournir aux familles et aux enfants dans le besoin un parrain ou une marraine qui leur consacrera du temps et l'attention d'une personne de confiance.","_seopress_robots_index":"","footnotes":""},"categories":[21],"tags":[],"class_list":["post-29639","post","type-post","status-publish","format-standard","has-post-thumbnail","hentry","category-nos-projets"],"_links":{"self":[{"href":"https:\/\/www.tencofoundation.ch\/fr\/wp-json\/wp\/v2\/posts\/29639","targetHints":{"allow":["GET"]}}],"collection":[{"href":"https:\/\/www.tencofoundation.ch\/fr\/wp-json\/wp\/v2\/posts"}],"about":[{"href":"https:\/\/www.tencofoundation.ch\/fr\/wp-json\/wp\/v2\/types\/post"}],"author":[{"embeddable":true,"href":"https:\/\/www.tencofoundation.ch\/fr\/wp-json\/wp\/v2\/users\/1"}],"replies":[{"embeddable":true,"href":"https:\/\/www.tencofoundation.ch\/fr\/wp-json\/wp\/v2\/comments?post=29639"}],"version-history":[{"count":4,"href":"https:\/\/www.tencofoundation.ch\/fr\/wp-json\/wp\/v2\/posts\/29639\/revisions"}],"predecessor-version":[{"id":29722,"href":"https:\/\/www.tencofoundation.ch\/fr\/wp-json\/wp\/v2\/posts\/29639\/revisions\/29722"}],"wp:featuredmedia":[{"embeddable":true,"href":"https:\/\/www.tencofoundation.ch\/fr\/wp-json\/wp\/v2\/media\/29561"}],"wp:attachment":[{"href":"https:\/\/www.tencofoundation.ch\/fr\/wp-json\/wp\/v2\/media?parent=29639"}],"wp:term":[{"taxonomy":"category","embeddable":true,"href":"https:\/\/www.tencofoundation.ch\/fr\/wp-json\/wp\/v2\/categories?post=29639"},{"taxonomy":"post_tag","embeddable":true,"href":"https:\/\/www.tencofoundation.ch\/fr\/wp-json\/wp\/v2\/tags?post=29639"}],"curies":[{"name":"wp","href":"https:\/\/api.w.org\/{rel}","templated":true}]}}